{"id":1294,"date":"2026-01-29T11:15:37","date_gmt":"2026-01-29T09:15:37","guid":{"rendered":"https:\/\/www.gaztelueta.com\/lapasiondeeducar\/?p=1294"},"modified":"2026-01-29T11:15:37","modified_gmt":"2026-01-29T09:15:37","slug":"movil-relaciones-aprendizaje","status":"publish","type":"post","link":"https:\/\/www.gaztelueta.com\/lapasiondeeducar\/familias\/movil-relaciones-aprendizaje\/","title":{"rendered":"La verdad inc\u00f3moda sobre el m\u00f3vil, las relaciones y el aprendizaje"},"content":{"rendered":"<p data-start=\"218\" data-end=\"709\">En los \u00faltimos d\u00edas ha circulado un mensaje provocador que invita a reaccionar: dejar de lamentarnos y <a href=\"https:\/\/www.eldebate.com\/familia\/20260128\/deja-lamentarte-quitale-movil-hijo_378480.html\" target=\"_blank\" rel=\"noopener\">quitar el m\u00f3vil a nuestros hijos<\/a>. La frase es inc\u00f3moda y quiz\u00e1 por eso resulta tan eficaz. Nos obliga a mirar de frente una realidad que muchos adultos preferimos suavizar o aplazar. El m\u00f3vil no es un elemento neutro en la vida de nuestros hijos. Est\u00e1 influyendo de manera profunda en c\u00f3mo se relacionan, c\u00f3mo aprenden y c\u00f3mo se construyen interiormente. Y ante esto, lamentarse no basta.<\/p>\n<p data-start=\"711\" data-end=\"1258\">Educar nunca ha sido f\u00e1cil, y hoy no lo es menos. Vivimos en un contexto en el que el m\u00f3vil acompa\u00f1a a los adolescentes desde edades cada vez m\u00e1s tempranas y ocupa un lugar central en su d\u00eda a d\u00eda. No podemos fingir que no est\u00e1 ah\u00ed, pero tampoco podemos renunciar a ejercer nuestro papel educativo. En Gaztelueta lo tenemos claro: la tecnolog\u00eda debe estar <a href=\"https:\/\/www.gaztelueta.com\/lapasiondeeducar\/educacion-global\/convivencia-en-gaztelueta\/\">al servicio de la persona<\/a> y del aprendizaje, no al rev\u00e9s. Por eso creemos que educar el uso del m\u00f3vil no consiste en reaccionar tarde y mal, sino en anticiparse con criterio y acompa\u00f1amiento.<\/p>\n<p data-start=\"711\" data-end=\"1258\"><div id=\"ez-toc-container\" class=\"ez-toc-v2_0_82_2 counter-flat ez-toc-counter ez-toc-grey ez-toc-container-direction\">\n<div class=\"ez-toc-title-container\">\n<span class=\"ez-toc-title-toggle\"><a href=\"#\" class=\"ez-toc-pull-right ez-toc-btn ez-toc-btn-xs ez-toc-btn-default ez-toc-toggle\" aria-label=\"Alternar tabla de contenidos\"><span class=\"ez-toc-js-icon-con\"><span class=\"\"><span class=\"eztoc-hide\" style=\"display:none;\">Toggle<\/span><span class=\"ez-toc-icon-toggle-span\"><svg style=\"fill: #999;color:#999\" xmlns=\"http:\/\/www.w3.org\/2000\/svg\" class=\"list-377408\" width=\"20px\" height=\"20px\" viewBox=\"0 0 24 24\" fill=\"none\"><path d=\"M6 6H4v2h2V6zm14 0H8v2h12V6zM4 11h2v2H4v-2zm16 0H8v2h12v-2zM4 16h2v2H4v-2zm16 0H8v2h12v-2z\" fill=\"currentColor\"><\/path><\/svg><svg style=\"fill: #999;color:#999\" class=\"arrow-unsorted-368013\" xmlns=\"http:\/\/www.w3.org\/2000\/svg\" width=\"10px\" height=\"10px\" viewBox=\"0 0 24 24\" version=\"1.2\" baseProfile=\"tiny\"><path d=\"M18.2 9.3l-6.2-6.3-6.2 6.3c-.2.2-.3.4-.3.7s.1.5.3.7c.2.2.4.3.7.3h11c.3 0 .5-.1.7-.3.2-.2.3-.5.3-.7s-.1-.5-.3-.7zM5.8 14.7l6.2 6.3 6.2-6.3c.2-.2.3-.5.3-.7s-.1-.5-.3-.7c-.2-.2-.4-.3-.7-.3h-11c-.3 0-.5.1-.7.3-.2.2-.3.5-.3.7s.1.5.3.7z\"\/><\/svg><\/span><\/span><\/span><\/a><\/span><\/div>\n<nav><ul class='ez-toc-list ez-toc-list-level-1 eztoc-toggle-hide-by-default' ><li class='ez-toc-page-1'><a class=\"ez-toc-link ez-toc-heading-1\" href=\"https:\/\/www.gaztelueta.com\/lapasiondeeducar\/familias\/movil-relaciones-aprendizaje\/#El_movil_como_espacio_emocional_permanente\">El m\u00f3vil como espacio emocional permanente<\/a><\/li><li class='ez-toc-page-1'><a class=\"ez-toc-link ez-toc-heading-2\" href=\"https:\/\/www.gaztelueta.com\/lapasiondeeducar\/familias\/movil-relaciones-aprendizaje\/#El_impacto_del_movil_en_las_relaciones_personales\">El impacto del m\u00f3vil en las relaciones personales<\/a><\/li><li class='ez-toc-page-1'><a class=\"ez-toc-link ez-toc-heading-3\" href=\"https:\/\/www.gaztelueta.com\/lapasiondeeducar\/familias\/movil-relaciones-aprendizaje\/#El_movil_y_el_aprendizaje_una_relacion_problematica\">El m\u00f3vil y el aprendizaje: una relaci\u00f3n problem\u00e1tica<\/a><\/li><li class='ez-toc-page-1'><a class=\"ez-toc-link ez-toc-heading-4\" href=\"https:\/\/www.gaztelueta.com\/lapasiondeeducar\/familias\/movil-relaciones-aprendizaje\/#Educar_no_es_prohibir_es_acompanar_con_criterio\">Educar no es prohibir, es acompa\u00f1ar con criterio<\/a><\/li><li class='ez-toc-page-1'><a class=\"ez-toc-link ez-toc-heading-5\" href=\"https:\/\/www.gaztelueta.com\/lapasiondeeducar\/familias\/movil-relaciones-aprendizaje\/#Una_llamada_a_la_valentia_educativa\">Una llamada a la valent\u00eda educativa<\/a><\/li><\/ul><\/nav><\/div>\n<\/p>\n<h2 data-start=\"1260\" data-end=\"1305\"><span class=\"ez-toc-section\" id=\"El_movil_como_espacio_emocional_permanente\"><\/span>El m\u00f3vil como espacio emocional permanente<span class=\"ez-toc-section-end\"><\/span><\/h2>\n<p data-start=\"1307\" data-end=\"1658\">Para muchos adolescentes, el <a href=\"https:\/\/www.gaztelueta.com\/lapasiondeeducar\/familias\/telefono-movil\/\">m\u00f3vil<\/a> no es solo un dispositivo. Es un espacio <a href=\"https:\/\/www.gaztelueta.com\/lapasiondeeducar\/educacion-global\/como-entrenar-a-su-dragon-interior-fernando-alberca\/\">emocional<\/a> constante. En \u00e9l buscan aprobaci\u00f3n, compa\u00f1\u00eda, entretenimiento y evasi\u00f3n. Cada notificaci\u00f3n activa una expectativa. Cada mensaje refuerza la sensaci\u00f3n de pertenencia. Cada v\u00eddeo ofrece una v\u00eda de escape inmediata frente al aburrimiento, la <a href=\"https:\/\/www.gaztelueta.com\/lapasiondeeducar\/educacion-global\/7-claves-para-educar-en-el-fracaso\/\">frustraci\u00f3n<\/a> o el esfuerzo.<\/p>\n<p data-start=\"1307\" data-end=\"1658\">\n<p data-start=\"1660\" data-end=\"2103\">Por eso cuesta tanto soltarlo. El m\u00f3vil responde a necesidades humanas reales, pero lo hace de forma superficial y adictiva. Ofrece gratificaci\u00f3n inmediata sin exigir madurez emocional. Sustituye procesos lentos y necesarios por est\u00edmulos r\u00e1pidos y constantes. El problema no es que los adolescentes lo usen, sino que muchas veces lo usan como sustituto de aquello que a\u00fan no saben gestionar: el silencio, la espera, el conflicto o la soledad.<\/p>\n<p data-start=\"2105\" data-end=\"2601\">Cuando el m\u00f3vil ocupa este lugar, el riesgo es claro. Se debilita la capacidad de mirar hacia dentro, de sostener una emoci\u00f3n inc\u00f3moda, de perseverar cuando algo cuesta. Por eso es tan importante ayudarles a poner distancia en determinados momentos del d\u00eda. Retirar el m\u00f3vil por la noche del dormitorio, proteger espacios sin pantalla y ense\u00f1ar a tolerar el aburrimiento no son gestos autoritarios, sino profundamente educativos. Sin esas capacidades b\u00e1sicas, el crecimiento personal se resiente.<\/p>\n<h2 data-start=\"2603\" data-end=\"2655\"><span class=\"ez-toc-section\" id=\"El_impacto_del_movil_en_las_relaciones_personales\"><\/span>El impacto del m\u00f3vil en las relaciones personales<span class=\"ez-toc-section-end\"><\/span><\/h2>\n<p data-start=\"2657\" data-end=\"3020\">Uno de los efectos m\u00e1s visibles del m\u00f3vil est\u00e1 en las relaciones. Cada vez es m\u00e1s habitual ver a j\u00f3venes juntos f\u00edsicamente pero desconectados entre s\u00ed. El m\u00f3vil irrumpe en la conversaci\u00f3n, fragmenta la atenci\u00f3n y reduce la calidad del encuentro. Relacionarse de verdad requiere tiempo, escucha y presencia, tres cosas que el m\u00f3vil pone constantemente en tensi\u00f3n.<\/p>\n<p data-start=\"3022\" data-end=\"3415\">Adem\u00e1s, el m\u00f3vil transforma la forma en que se construye la identidad social. La valoraci\u00f3n del otro pasa por una pantalla. La aprobaci\u00f3n se mide en respuestas y reacciones. El conflicto se evita o se gestiona con distancia. Todo esto empobrece la experiencia relacional y dificulta el aprendizaje de habilidades sociales b\u00e1sicas como la empat\u00eda, la asertividad o la capacidad de pedir perd\u00f3n.<\/p>\n<p data-start=\"3417\" data-end=\"3978\">Proteger las relaciones personales exige decisiones concretas. Significa cuidar tiempos de conversaci\u00f3n real en familia, especialmente en las comidas, donde el m\u00f3vil deber\u00eda desaparecer para dejar espacio a la palabra, a la escucha y al encuentro. Significa tambi\u00e9n animar a nuestros hijos a resolver los conflictos importantes cara a cara, sin esconderse detr\u00e1s de mensajes o silencios digitales. Y significa educarles para entender que estar en contacto no es lo mismo que estar en relaci\u00f3n, y que la amistad y el afecto necesitan presencia, no solo conexi\u00f3n.<\/p>\n<p data-start=\"3980\" data-end=\"4183\">No es que nuestros hijos no sepan relacionarse. Es que el entorno digital en el que se mueven no favorece <a href=\"https:\/\/www.gaztelueta.com\/lapasiondeeducar\/educacion-global\/no-es-lo-mejor-para-gaztelueta-es-lo-mejor-para-ti\/\">relaciones profundas<\/a> ni estables. Y si no intervenimos, el m\u00f3vil acaba educando en nuestro lugar.<\/p>\n<h2 data-start=\"4185\" data-end=\"4240\"><span class=\"ez-toc-section\" id=\"El_movil_y_el_aprendizaje_una_relacion_problematica\"><\/span>El m\u00f3vil y el aprendizaje: una relaci\u00f3n problem\u00e1tica<span class=\"ez-toc-section-end\"><\/span><\/h2>\n<p data-start=\"4242\" data-end=\"4523\">El impacto del m\u00f3vil en el <a href=\"https:\/\/www.gaztelueta.com\/lapasiondeeducar\/educacion-global\/profesor-de-gaztelueta\/\">aprendizaje<\/a> es menos visible, pero no menos preocupante. Aprender exige concentraci\u00f3n, continuidad y esfuerzo sostenido. El m\u00f3vil, sin embargo, introduce interrupciones constantes que fragmentan la atenci\u00f3n y dificultan los procesos cognitivos profundos.<\/p>\n<p data-start=\"4525\" data-end=\"5100\">Cuando un alumno se acostumbra a estudiar con el m\u00f3vil cerca, disponible para cualquier est\u00edmulo, su cerebro aprende a funcionar en modo disperso. Cuesta m\u00e1s mantener el hilo de una explicaci\u00f3n, profundizar en un texto o elaborar un razonamiento complejo. El resultado no es solo que se aprenda menos, sino que se aprende peor. Por eso proteger el estudio implica tomar decisiones claras: estudiar sin el m\u00f3vil cerca, separar f\u00edsicamente el tiempo de trabajo del tiempo de ocio digital y ense\u00f1ar que la concentraci\u00f3n no es una cuesti\u00f3n de fuerza de voluntad, sino de entorno.<\/p>\n<p data-start=\"5102\" data-end=\"5516\">En Gaztelueta apostamos por un uso educativo y guiado de la tecnolog\u00eda. La introducci\u00f3n del Chromebook en primero de ESO responde a un proyecto pedag\u00f3gico concreto, con objetivos claros y con un control responsable del entorno digital. No se trata de negar la tecnolog\u00eda, sino de ense\u00f1ar a usarla con sentido, dentro de un marco educativo que prioriza la atenci\u00f3n, el pensamiento cr\u00edtico y el aprendizaje profundo.<\/p>\n<p data-start=\"5518\" data-end=\"5772\">El m\u00f3vil, en cambio, suele escapar a ese marco. Su uso es m\u00e1s impulsivo, m\u00e1s emocional y menos consciente. Por eso requiere una educaci\u00f3n espec\u00edfica y compartida entre familia y escuela, especialmente en lo que se refiere a h\u00e1bitos de estudio y descanso.<\/p>\n<h2 data-start=\"5774\" data-end=\"5825\"><span class=\"ez-toc-section\" id=\"Educar_no_es_prohibir_es_acompanar_con_criterio\"><\/span>Educar no es prohibir, es acompa\u00f1ar con criterio<span class=\"ez-toc-section-end\"><\/span><\/h2>\n<p data-start=\"5827\" data-end=\"6156\">Ante esta realidad, la tentaci\u00f3n de quitar el m\u00f3vil es comprensible. Pero no siempre es suficiente ni eficaz. Educar no consiste solo en prohibir, sino en acompa\u00f1ar con criterio, explicar el porqu\u00e9 de los l\u00edmites y sostenerlos con coherencia. El m\u00f3vil necesita normas claras, tiempos protegidos y contextos donde no tenga cabida.<\/p>\n<p data-start=\"6158\" data-end=\"6615\">Es fundamental cuidar los momentos de estudio, de descanso y de vida familiar. Proteger estos espacios no es ir contra el progreso, sino a favor del desarrollo integral de la persona. Tambi\u00e9n es imprescindible que los adultos seamos coherentes. No podemos pedir a nuestros hijos que gestionen bien el m\u00f3vil si nosotros mismos vivimos permanentemente enganchados a una pantalla. El ejemplo adulto sigue siendo uno de los instrumentos educativos m\u00e1s potentes.<\/p>\n<p data-start=\"6617\" data-end=\"6801\">La educaci\u00f3n digital empieza en casa, pero se refuerza en el colegio. Cuando familia y escuela comparten criterios, el mensaje es claro y el alumno se siente acompa\u00f1ado, no controlado.<\/p>\n<h2 data-start=\"6803\" data-end=\"6841\"><span class=\"ez-toc-section\" id=\"Una_llamada_a_la_valentia_educativa\"><\/span>Una llamada a la valent\u00eda educativa<span class=\"ez-toc-section-end\"><\/span><\/h2>\n<p data-start=\"6843\" data-end=\"7075\">El m\u00f3vil no va a desaparecer. Forma parte del mundo en el que educamos y seguir\u00e1 estando presente. La cuesti\u00f3n no es si lo aceptamos o lo rechazamos, sino c\u00f3mo ense\u00f1amos a convivir con \u00e9l sin que invada todos los \u00e1mbitos de la vida.<\/p>\n<p data-start=\"7077\" data-end=\"7392\"><a href=\"https:\/\/www.gaztelueta.com\/lapasiondeeducar\/familias\/formacion-de-familias\/\">Educar<\/a> hoy exige valent\u00eda. Valent\u00eda para poner l\u00edmites impopulares. Valent\u00eda para proteger el estudio cuando cuesta. Valent\u00eda para defender la vida familiar frente a la invasi\u00f3n constante de las pantallas. Valent\u00eda para decir que las relaciones personales merecen m\u00e1s tiempo y m\u00e1s cuidado que cualquier dispositivo.<\/p>\n<p data-start=\"7394\" data-end=\"7696\">Nuestros hijos no necesitan menos tecnolog\u00eda, sino m\u00e1s acompa\u00f1amiento. No necesitan adultos resignados, sino adultos que crean de verdad en su capacidad de crecer, de esforzarse y de relacionarse con profundidad. El m\u00f3vil puede ser una herramienta, pero nunca debe convertirse en el educador principal.<\/p>\n<p data-start=\"7698\" data-end=\"7772\">Ah\u00ed est\u00e1 el verdadero reto. Y tambi\u00e9n la gran oportunidad de educar mejor.<\/p>\n<p data-start=\"7698\" data-end=\"7772\">\n<blockquote class=\"wp-embedded-content\" data-secret=\"Ie8dTg3ce3\"><p><a href=\"https:\/\/www.gaztelueta.com\/lapasiondeeducar\/educacion-global\/no-es-lo-mejor-para-gaztelueta-es-lo-mejor-para-ti\/\">No es lo mejor para Gaztelueta, es lo mejor para ti<\/a><\/p><\/blockquote>\n<p><iframe loading=\"lazy\" class=\"wp-embedded-content\" sandbox=\"allow-scripts\" security=\"restricted\" style=\"position: absolute; visibility: hidden;\" title=\"\u00abNo es lo mejor para Gaztelueta, es lo mejor para ti\u00bb \u2014 La Pasi\u00f3n de Educar\" src=\"https:\/\/www.gaztelueta.com\/lapasiondeeducar\/educacion-global\/no-es-lo-mejor-para-gaztelueta-es-lo-mejor-para-ti\/embed\/#?secret=jouhLAyhoz#?secret=Ie8dTg3ce3\" data-secret=\"Ie8dTg3ce3\" width=\"600\" height=\"338\" frameborder=\"0\" marginwidth=\"0\" marginheight=\"0\" scrolling=\"no\"><\/iframe><\/p>\n<p data-start=\"7698\" data-end=\"7772\">\n","protected":false},"excerpt":{"rendered":"<p>En los \u00faltimos d\u00edas ha circulado un mensaje provocador que invita a reaccionar: dejar de lamentarnos y quitar el m\u00f3vil a nuestros hijos. La frase es inc\u00f3moda y quiz\u00e1 por eso resulta tan eficaz. Nos obliga a mirar de frente una realidad que muchos adultos preferimos suavizar o aplazar. El [&hellip;]<\/p>\n","protected":false},"author":2,"featured_media":1296,"comment_status":"closed","ping_status":"closed","sticky":false,"template":"","format":"standard","meta":{"footnotes":""},"categories":[288],"tags":[384,243,439,438,296,353,435,436,434,433,437,440],"class_list":["post-1294","post","type-post","status-publish","format-standard","has-post-thumbnail","hentry","category-familias","tag-aprendizaje","tag-atencion","tag-estudio","tag-famia","tag-gaztelueta","tag-global-school","tag-redes-sociales","tag-relaciones","tag-smartphone","tag-telefono-movil","tag-vida-familiar","tag-voluntad"],"_links":{"self":[{"href":"https:\/\/www.gaztelueta.com\/lapasiondeeducar\/wp-json\/wp\/v2\/posts\/1294"}],"collection":[{"href":"https:\/\/www.gaztelueta.com\/lapasiondeeducar\/wp-json\/wp\/v2\/posts"}],"about":[{"href":"https:\/\/www.gaztelueta.com\/lapasiondeeducar\/wp-json\/wp\/v2\/types\/post"}],"author":[{"embeddable":true,"href":"https:\/\/www.gaztelueta.com\/lapasiondeeducar\/wp-json\/wp\/v2\/users\/2"}],"replies":[{"embeddable":true,"href":"https:\/\/www.gaztelueta.com\/lapasiondeeducar\/wp-json\/wp\/v2\/comments?post=1294"}],"version-history":[{"count":1,"href":"https:\/\/www.gaztelueta.com\/lapasiondeeducar\/wp-json\/wp\/v2\/posts\/1294\/revisions"}],"predecessor-version":[{"id":1297,"href":"https:\/\/www.gaztelueta.com\/lapasiondeeducar\/wp-json\/wp\/v2\/posts\/1294\/revisions\/1297"}],"wp:featuredmedia":[{"embeddable":true,"href":"https:\/\/www.gaztelueta.com\/lapasiondeeducar\/wp-json\/wp\/v2\/media\/1296"}],"wp:attachment":[{"href":"https:\/\/www.gaztelueta.com\/lapasiondeeducar\/wp-json\/wp\/v2\/media?parent=1294"}],"wp:term":[{"taxonomy":"category","embeddable":true,"href":"https:\/\/www.gaztelueta.com\/lapasiondeeducar\/wp-json\/wp\/v2\/categories?post=1294"},{"taxonomy":"post_tag","embeddable":true,"href":"https:\/\/www.gaztelueta.com\/lapasiondeeducar\/wp-json\/wp\/v2\/tags?post=1294"}],"curies":[{"name":"wp","href":"https:\/\/api.w.org\/{rel}","templated":true}]}}