{"id":9989,"date":"2024-05-21T14:43:31","date_gmt":"2024-05-21T12:43:31","guid":{"rendered":"https:\/\/www.gaztelueta.com\/?p=9989"},"modified":"2024-05-21T14:44:10","modified_gmt":"2024-05-21T12:44:10","slug":"el-remember-de-la-vuelta-ciclista-de-gaztelueta-echa-un-ano-mas-a-rodar","status":"publish","type":"post","link":"https:\/\/www.gaztelueta.com\/en\/noticias\/el-remember-de-la-vuelta-ciclista-de-gaztelueta-echa-un-ano-mas-a-rodar\/","title":{"rendered":"The Remember de la Vuelta Ciclista de Gaztelueta gets underway for another year"},"content":{"rendered":"<p>The III edition <em>Remember<\/em> of the historic Vuelta Ciclista de Gaztelueta took place last Saturday with the participation of almost 40 riders on the roads of Bizkaia.<\/p>\n\n\n\n<figure class=\"wp-block-image size-large\"><img decoding=\"async\" width=\"1024\" height=\"768\" src=\"https:\/\/www.gaztelueta.com\/wp-content\/uploads\/2024\/05\/gaztelueta-remember-ciclismo-1024x768.jpeg\" alt=\"\" class=\"wp-image-10211\" title=\"\" srcset=\"https:\/\/www.gaztelueta.com\/wp-content\/uploads\/2024\/05\/gaztelueta-remember-ciclismo-1024x768.jpeg 1024w, https:\/\/www.gaztelueta.com\/wp-content\/uploads\/2024\/05\/gaztelueta-remember-ciclismo-300x225.jpeg 300w, https:\/\/www.gaztelueta.com\/wp-content\/uploads\/2024\/05\/gaztelueta-remember-ciclismo-768x576.jpeg 768w, https:\/\/www.gaztelueta.com\/wp-content\/uploads\/2024\/05\/gaztelueta-remember-ciclismo-1536x1152.jpeg 1536w, https:\/\/www.gaztelueta.com\/wp-content\/uploads\/2024\/05\/gaztelueta-remember-ciclismo-16x12.jpeg 16w, https:\/\/www.gaztelueta.com\/wp-content\/uploads\/2024\/05\/gaztelueta-remember-ciclismo-480x360.jpeg 480w, https:\/\/www.gaztelueta.com\/wp-content\/uploads\/2024\/05\/gaztelueta-remember-ciclismo-640x480.jpeg 640w, https:\/\/www.gaztelueta.com\/wp-content\/uploads\/2024\/05\/gaztelueta-remember-ciclismo-720x540.jpeg 720w, https:\/\/www.gaztelueta.com\/wp-content\/uploads\/2024\/05\/gaztelueta-remember-ciclismo-960x720.jpeg 960w, https:\/\/www.gaztelueta.com\/wp-content\/uploads\/2024\/05\/gaztelueta-remember-ciclismo-1168x876.jpeg 1168w, https:\/\/www.gaztelueta.com\/wp-content\/uploads\/2024\/05\/gaztelueta-remember-ciclismo-1440x1080.jpeg 1440w, https:\/\/www.gaztelueta.com\/wp-content\/uploads\/2024\/05\/gaztelueta-remember-ciclismo-1920x1440.jpeg 1920w, https:\/\/www.gaztelueta.com\/wp-content\/uploads\/2024\/05\/gaztelueta-remember-ciclismo.jpeg 2048w\" sizes=\"(max-width: 1024px) 100vw, 1024px\" \/><\/figure>\n\n\n\n<p>On this occasion, very young cyclists were encouraged to take part in the race, accompanying more experienced riders in a round that guarantees continuity. Students, former students, teachers and parents gathered in the red square to take the initial photo before the start with the flag being raised by Mr. Jose Luis Pineda.<\/p>\n\n\n\n<p>The presence of the two youngest runners, Martin Basaras and I\u00f1igo Robles (5thPrim) did not slow down the pace of the race but rather speeded up the pace. In addition, Tanis Arana together with his father Diego 38th-1998, who are already veterans, rode at a very lively pace. Ram\u00f3n Pomar, who with his electric bike at all times controlled that no one was left behind, being even literal support for those who could not on the climbs.<\/p>\n\n\n\n<figure class=\"wp-block-gallery has-nested-images columns-default is-cropped wp-block-gallery-1 is-layout-flex wp-block-gallery-is-layout-flex\">\n<figure class=\"wp-block-image size-large\"><img decoding=\"async\" width=\"1024\" height=\"768\" data-id=\"10213\" src=\"https:\/\/www.gaztelueta.com\/wp-content\/uploads\/2024\/05\/gaztelueta-remember-ciclismo2-1024x768.jpeg\" alt=\"\" class=\"wp-image-10213\" title=\"\" srcset=\"https:\/\/www.gaztelueta.com\/wp-content\/uploads\/2024\/05\/gaztelueta-remember-ciclismo2-1024x768.jpeg 1024w, https:\/\/www.gaztelueta.com\/wp-content\/uploads\/2024\/05\/gaztelueta-remember-ciclismo2-300x225.jpeg 300w, https:\/\/www.gaztelueta.com\/wp-content\/uploads\/2024\/05\/gaztelueta-remember-ciclismo2-768x576.jpeg 768w, https:\/\/www.gaztelueta.com\/wp-content\/uploads\/2024\/05\/gaztelueta-remember-ciclismo2-1536x1152.jpeg 1536w, https:\/\/www.gaztelueta.com\/wp-content\/uploads\/2024\/05\/gaztelueta-remember-ciclismo2-16x12.jpeg 16w, https:\/\/www.gaztelueta.com\/wp-content\/uploads\/2024\/05\/gaztelueta-remember-ciclismo2-480x360.jpeg 480w, https:\/\/www.gaztelueta.com\/wp-content\/uploads\/2024\/05\/gaztelueta-remember-ciclismo2-640x480.jpeg 640w, https:\/\/www.gaztelueta.com\/wp-content\/uploads\/2024\/05\/gaztelueta-remember-ciclismo2-720x540.jpeg 720w, https:\/\/www.gaztelueta.com\/wp-content\/uploads\/2024\/05\/gaztelueta-remember-ciclismo2-960x720.jpeg 960w, https:\/\/www.gaztelueta.com\/wp-content\/uploads\/2024\/05\/gaztelueta-remember-ciclismo2-1168x876.jpeg 1168w, https:\/\/www.gaztelueta.com\/wp-content\/uploads\/2024\/05\/gaztelueta-remember-ciclismo2-1440x1080.jpeg 1440w, https:\/\/www.gaztelueta.com\/wp-content\/uploads\/2024\/05\/gaztelueta-remember-ciclismo2-1920x1440.jpeg 1920w, https:\/\/www.gaztelueta.com\/wp-content\/uploads\/2024\/05\/gaztelueta-remember-ciclismo2.jpeg 2048w\" sizes=\"(max-width: 1024px) 100vw, 1024px\" \/><\/figure>\n<\/figure>\n\n\n\n<p>In front were Borja Bergareche, winner of 4 laps from 1969 to 1973, I\u00f1aki Zabala, winner from 82 to 86 together with his son Ignacio and Ignacio Arbaiza, winner in 1968, although with his friends I\u00f1igo Azcorra and I\u00f1igo Alcibar they took it more slowly.  The refreshment and reunification point was the church of Gatika, where Gonzalo \u00c1lvarez de Toledo and Gonzalo Vilallonga were waiting to provide plenty of solids and liquids, and even took a roll call to make sure no one was left behind, with a special mention to alumni Guillermo Bengoa, who despite not having been on a bike for the last 12 years, completed the whole route with great determination.<\/p>\n\n\n\n<p>The teacher Urkiol Solagaistua who accompanied the 5th year students and Luis Robles, father of one of them, as well as Marcos P\u00e9rez with his brother-in-law Javier went at their own pace, tackling the ascent to Andraka lightly. Rafa Cardenal, a lifelong member of the board of <em>Alumni<\/em>helped everyone on the climb. Agust\u00edn Fern\u00e1ndez, the most electric of the group, defined himself as the bulk of the peloton.<\/p>\n\n\n\n<figure class=\"wp-block-gallery has-nested-images columns-default is-cropped wp-block-gallery-2 is-layout-flex wp-block-gallery-is-layout-flex\">\n<figure class=\"wp-block-image size-large\"><img decoding=\"async\" width=\"768\" height=\"1024\" data-id=\"10216\" src=\"https:\/\/www.gaztelueta.com\/wp-content\/uploads\/2024\/05\/gaztelueta-remember-ciclismo3-768x1024.jpeg\" alt=\"\" class=\"wp-image-10216\" title=\"\" srcset=\"https:\/\/www.gaztelueta.com\/wp-content\/uploads\/2024\/05\/gaztelueta-remember-ciclismo3-768x1024.jpeg 768w, https:\/\/www.gaztelueta.com\/wp-content\/uploads\/2024\/05\/gaztelueta-remember-ciclismo3-225x300.jpeg 225w, https:\/\/www.gaztelueta.com\/wp-content\/uploads\/2024\/05\/gaztelueta-remember-ciclismo3-1152x1536.jpeg 1152w, https:\/\/www.gaztelueta.com\/wp-content\/uploads\/2024\/05\/gaztelueta-remember-ciclismo3-9x12.jpeg 9w, https:\/\/www.gaztelueta.com\/wp-content\/uploads\/2024\/05\/gaztelueta-remember-ciclismo3-480x640.jpeg 480w, https:\/\/www.gaztelueta.com\/wp-content\/uploads\/2024\/05\/gaztelueta-remember-ciclismo3-640x853.jpeg 640w, https:\/\/www.gaztelueta.com\/wp-content\/uploads\/2024\/05\/gaztelueta-remember-ciclismo3-720x960.jpeg 720w, https:\/\/www.gaztelueta.com\/wp-content\/uploads\/2024\/05\/gaztelueta-remember-ciclismo3-960x1280.jpeg 960w, https:\/\/www.gaztelueta.com\/wp-content\/uploads\/2024\/05\/gaztelueta-remember-ciclismo3-1168x1557.jpeg 1168w, https:\/\/www.gaztelueta.com\/wp-content\/uploads\/2024\/05\/gaztelueta-remember-ciclismo3-1440x1920.jpeg 1440w, https:\/\/www.gaztelueta.com\/wp-content\/uploads\/2024\/05\/gaztelueta-remember-ciclismo3.jpeg 1536w\" sizes=\"(max-width: 768px) 100vw, 768px\" \/><\/figure>\n\n\n\n<figure class=\"wp-block-image size-large\"><img decoding=\"async\" width=\"768\" height=\"1024\" data-id=\"10215\" src=\"https:\/\/www.gaztelueta.com\/wp-content\/uploads\/2024\/05\/Vuelta-ciclista-15-768x1024.jpeg\" alt=\"\" class=\"wp-image-10215\" title=\"\" srcset=\"https:\/\/www.gaztelueta.com\/wp-content\/uploads\/2024\/05\/Vuelta-ciclista-15-768x1024.jpeg 768w, https:\/\/www.gaztelueta.com\/wp-content\/uploads\/2024\/05\/Vuelta-ciclista-15-225x300.jpeg 225w, https:\/\/www.gaztelueta.com\/wp-content\/uploads\/2024\/05\/Vuelta-ciclista-15-1152x1536.jpeg 1152w, https:\/\/www.gaztelueta.com\/wp-content\/uploads\/2024\/05\/Vuelta-ciclista-15-9x12.jpeg 9w, https:\/\/www.gaztelueta.com\/wp-content\/uploads\/2024\/05\/Vuelta-ciclista-15-480x640.jpeg 480w, https:\/\/www.gaztelueta.com\/wp-content\/uploads\/2024\/05\/Vuelta-ciclista-15-640x853.jpeg 640w, https:\/\/www.gaztelueta.com\/wp-content\/uploads\/2024\/05\/Vuelta-ciclista-15-720x960.jpeg 720w, https:\/\/www.gaztelueta.com\/wp-content\/uploads\/2024\/05\/Vuelta-ciclista-15-960x1280.jpeg 960w, https:\/\/www.gaztelueta.com\/wp-content\/uploads\/2024\/05\/Vuelta-ciclista-15-1168x1557.jpeg 1168w, https:\/\/www.gaztelueta.com\/wp-content\/uploads\/2024\/05\/Vuelta-ciclista-15-1440x1920.jpeg 1440w, https:\/\/www.gaztelueta.com\/wp-content\/uploads\/2024\/05\/Vuelta-ciclista-15.jpeg 1536w\" sizes=\"(max-width: 768px) 100vw, 768px\" \/><\/figure>\n\n\n\n<figure class=\"wp-block-image size-large\"><img decoding=\"async\" width=\"768\" height=\"1024\" data-id=\"10217\" src=\"https:\/\/www.gaztelueta.com\/wp-content\/uploads\/2024\/05\/Vuelta-ciclista-19-768x1024.jpeg\" alt=\"\" class=\"wp-image-10217\" title=\"\" srcset=\"https:\/\/www.gaztelueta.com\/wp-content\/uploads\/2024\/05\/Vuelta-ciclista-19-768x1024.jpeg 768w, https:\/\/www.gaztelueta.com\/wp-content\/uploads\/2024\/05\/Vuelta-ciclista-19-225x300.jpeg 225w, https:\/\/www.gaztelueta.com\/wp-content\/uploads\/2024\/05\/Vuelta-ciclista-19-1152x1536.jpeg 1152w, https:\/\/www.gaztelueta.com\/wp-content\/uploads\/2024\/05\/Vuelta-ciclista-19-9x12.jpeg 9w, https:\/\/www.gaztelueta.com\/wp-content\/uploads\/2024\/05\/Vuelta-ciclista-19-480x640.jpeg 480w, https:\/\/www.gaztelueta.com\/wp-content\/uploads\/2024\/05\/Vuelta-ciclista-19-640x853.jpeg 640w, https:\/\/www.gaztelueta.com\/wp-content\/uploads\/2024\/05\/Vuelta-ciclista-19-720x960.jpeg 720w, https:\/\/www.gaztelueta.com\/wp-content\/uploads\/2024\/05\/Vuelta-ciclista-19-960x1280.jpeg 960w, https:\/\/www.gaztelueta.com\/wp-content\/uploads\/2024\/05\/Vuelta-ciclista-19-1168x1557.jpeg 1168w, https:\/\/www.gaztelueta.com\/wp-content\/uploads\/2024\/05\/Vuelta-ciclista-19-1440x1920.jpeg 1440w, https:\/\/www.gaztelueta.com\/wp-content\/uploads\/2024\/05\/Vuelta-ciclista-19.jpeg 1536w\" sizes=\"(max-width: 768px) 100vw, 768px\" \/><\/figure>\n<\/figure>\n\n\n\n<p>Pepe Zayas, also member of the board<em> Alumni <\/em>came along with two companions, I\u00f1igo Olaizola and Adrian. Fernando Bascones didn't think it was enough and continued riding for most of the morning. Daniel Ortega, Javier Bores and Bosco Olabarri, who redesigned the route for the return of this Gaztelueta classic, rode without any problems.<\/p>\n\n\n\n<figure class=\"wp-block-image size-large\"><img decoding=\"async\" width=\"768\" height=\"1024\" src=\"https:\/\/www.gaztelueta.com\/wp-content\/uploads\/2024\/05\/Vuelta-ciclista-6-768x1024.jpeg\" alt=\"\" class=\"wp-image-10221\" title=\"\" srcset=\"https:\/\/www.gaztelueta.com\/wp-content\/uploads\/2024\/05\/Vuelta-ciclista-6-768x1024.jpeg 768w, https:\/\/www.gaztelueta.com\/wp-content\/uploads\/2024\/05\/Vuelta-ciclista-6-225x300.jpeg 225w, https:\/\/www.gaztelueta.com\/wp-content\/uploads\/2024\/05\/Vuelta-ciclista-6-1152x1536.jpeg 1152w, https:\/\/www.gaztelueta.com\/wp-content\/uploads\/2024\/05\/Vuelta-ciclista-6-9x12.jpeg 9w, https:\/\/www.gaztelueta.com\/wp-content\/uploads\/2024\/05\/Vuelta-ciclista-6-480x640.jpeg 480w, https:\/\/www.gaztelueta.com\/wp-content\/uploads\/2024\/05\/Vuelta-ciclista-6-640x853.jpeg 640w, https:\/\/www.gaztelueta.com\/wp-content\/uploads\/2024\/05\/Vuelta-ciclista-6-720x960.jpeg 720w, https:\/\/www.gaztelueta.com\/wp-content\/uploads\/2024\/05\/Vuelta-ciclista-6-960x1280.jpeg 960w, https:\/\/www.gaztelueta.com\/wp-content\/uploads\/2024\/05\/Vuelta-ciclista-6-1168x1557.jpeg 1168w, https:\/\/www.gaztelueta.com\/wp-content\/uploads\/2024\/05\/Vuelta-ciclista-6-1440x1920.jpeg 1440w, https:\/\/www.gaztelueta.com\/wp-content\/uploads\/2024\/05\/Vuelta-ciclista-6.jpeg 1536w\" sizes=\"(max-width: 768px) 100vw, 768px\" \/><\/figure>\n\n\n\n<figure class=\"wp-block-image size-large is-resized\"><img decoding=\"async\" width=\"1024\" height=\"768\" src=\"https:\/\/www.gaztelueta.com\/wp-content\/uploads\/2024\/05\/Vuelta-ciclista-5-1024x768.jpeg\" alt=\"\" class=\"wp-image-10222\" style=\"width:768px;height:auto\" title=\"\" srcset=\"https:\/\/www.gaztelueta.com\/wp-content\/uploads\/2024\/05\/Vuelta-ciclista-5-1024x768.jpeg 1024w, https:\/\/www.gaztelueta.com\/wp-content\/uploads\/2024\/05\/Vuelta-ciclista-5-300x225.jpeg 300w, https:\/\/www.gaztelueta.com\/wp-content\/uploads\/2024\/05\/Vuelta-ciclista-5-768x576.jpeg 768w, https:\/\/www.gaztelueta.com\/wp-content\/uploads\/2024\/05\/Vuelta-ciclista-5-1536x1152.jpeg 1536w, https:\/\/www.gaztelueta.com\/wp-content\/uploads\/2024\/05\/Vuelta-ciclista-5-16x12.jpeg 16w, https:\/\/www.gaztelueta.com\/wp-content\/uploads\/2024\/05\/Vuelta-ciclista-5-480x360.jpeg 480w, https:\/\/www.gaztelueta.com\/wp-content\/uploads\/2024\/05\/Vuelta-ciclista-5-640x480.jpeg 640w, https:\/\/www.gaztelueta.com\/wp-content\/uploads\/2024\/05\/Vuelta-ciclista-5-720x540.jpeg 720w, https:\/\/www.gaztelueta.com\/wp-content\/uploads\/2024\/05\/Vuelta-ciclista-5-960x720.jpeg 960w, https:\/\/www.gaztelueta.com\/wp-content\/uploads\/2024\/05\/Vuelta-ciclista-5-1168x876.jpeg 1168w, https:\/\/www.gaztelueta.com\/wp-content\/uploads\/2024\/05\/Vuelta-ciclista-5-1440x1080.jpeg 1440w, https:\/\/www.gaztelueta.com\/wp-content\/uploads\/2024\/05\/Vuelta-ciclista-5-1920x1440.jpeg 1920w, https:\/\/www.gaztelueta.com\/wp-content\/uploads\/2024\/05\/Vuelta-ciclista-5.jpeg 2048w\" sizes=\"(max-width: 1024px) 100vw, 1024px\" \/><\/figure>\n\n\n\n<p>On arrival at Gaztelueta, some family members were waiting for us with a snack and all the participants received a prize. All the participants are already looking forward to the next edition of this already consolidated event. <em>Remember<\/em> the Vuelta.<\/p>\n\n\n\n<p><\/p>","protected":false},"excerpt":{"rendered":"<p>The third edition of the historic Vuelta Ciclista de Gaztelueta took place last Saturday with the participation of almost 40 riders on the roads of Bizkaia. On this occasion, very young cyclists were encouraged to take part in the race, accompanying the more experienced riders in a round that is guaranteed to be a...<\/p>","protected":false},"author":11,"featured_media":10227,"comment_status":"closed","ping_status":"closed","sticky":false,"template":"","format":"standard","meta":{"_acf_changed":false,"_jetpack_memberships_contains_paid_content":false,"_joinchat":[],"footnotes":""},"categories":[36],"tags":[154,37,352,350,48,351],"class_list":["post-9989","post","type-post","status-publish","format-standard","has-post-thumbnail","hentry","category-global","tag-alumni-gaztelueta","tag-antiguos-alumnos","tag-ciclismo","tag-deporte-gaztelueta","tag-gaztelueta","tag-remember-gaztelueta"],"acf":[],"jetpack_featured_media_url":"https:\/\/www.gaztelueta.com\/wp-content\/uploads\/2024\/05\/gaztelueta-remember-ciclismo-index.jpeg","jetpack_sharing_enabled":true,"_links":{"self":[{"href":"https:\/\/www.gaztelueta.com\/en\/wp-json\/wp\/v2\/posts\/9989","targetHints":{"allow":["GET"]}}],"collection":[{"href":"https:\/\/www.gaztelueta.com\/en\/wp-json\/wp\/v2\/posts"}],"about":[{"href":"https:\/\/www.gaztelueta.com\/en\/wp-json\/wp\/v2\/types\/post"}],"author":[{"embeddable":true,"href":"https:\/\/www.gaztelueta.com\/en\/wp-json\/wp\/v2\/users\/11"}],"replies":[{"embeddable":true,"href":"https:\/\/www.gaztelueta.com\/en\/wp-json\/wp\/v2\/comments?post=9989"}],"version-history":[{"count":2,"href":"https:\/\/www.gaztelueta.com\/en\/wp-json\/wp\/v2\/posts\/9989\/revisions"}],"predecessor-version":[{"id":10226,"href":"https:\/\/www.gaztelueta.com\/en\/wp-json\/wp\/v2\/posts\/9989\/revisions\/10226"}],"wp:featuredmedia":[{"embeddable":true,"href":"https:\/\/www.gaztelueta.com\/en\/wp-json\/wp\/v2\/media\/10227"}],"wp:attachment":[{"href":"https:\/\/www.gaztelueta.com\/en\/wp-json\/wp\/v2\/media?parent=9989"}],"wp:term":[{"taxonomy":"category","embeddable":true,"href":"https:\/\/www.gaztelueta.com\/en\/wp-json\/wp\/v2\/categories?post=9989"},{"taxonomy":"post_tag","embeddable":true,"href":"https:\/\/www.gaztelueta.com\/en\/wp-json\/wp\/v2\/tags?post=9989"}],"curies":[{"name":"wp","href":"https:\/\/api.w.org\/{rel}","templated":true}]}}