{"id":6051,"date":"2023-12-13T15:41:46","date_gmt":"2023-12-13T14:41:46","guid":{"rendered":"https:\/\/www.gaztelueta.com\/?p=6051"},"modified":"2023-12-13T15:53:28","modified_gmt":"2023-12-13T14:53:28","slug":"felicitaciones-de-navidad-al-centro-rafaela-maria","status":"publish","type":"post","link":"https:\/\/www.gaztelueta.com\/en\/noticias\/felicitaciones-de-navidad-al-centro-rafaela-maria\/","title":{"rendered":"Christmas greetings to the Rafaela Mar\u00eda Centre"},"content":{"rendered":"<p>Once again this year, our second cycle primary school students have <strong>Christmas greetings <\/strong>to the members of the <a href=\"https:\/\/www.centrorafaelamaria.es\/es\/\" target=\"_blank\" rel=\"noopener\"><strong>Rafaela Maria Centre Association<\/strong><\/a> social action. <\/p>\n\n\n\n<figure class=\"wp-block-image size-large\"><img decoding=\"async\" width=\"1024\" height=\"422\" src=\"https:\/\/www.gaztelueta.com\/wp-content\/uploads\/2023\/12\/gaztelueta-rafaela-maria-navidad2-1-1024x422.jpeg\" alt=\"\" class=\"wp-image-6057\" title=\"\" srcset=\"https:\/\/www.gaztelueta.com\/wp-content\/uploads\/2023\/12\/gaztelueta-rafaela-maria-navidad2-1-1024x422.jpeg 1024w, https:\/\/www.gaztelueta.com\/wp-content\/uploads\/2023\/12\/gaztelueta-rafaela-maria-navidad2-1-300x124.jpeg 300w, https:\/\/www.gaztelueta.com\/wp-content\/uploads\/2023\/12\/gaztelueta-rafaela-maria-navidad2-1-768x317.jpeg 768w, https:\/\/www.gaztelueta.com\/wp-content\/uploads\/2023\/12\/gaztelueta-rafaela-maria-navidad2-1-18x7.jpeg 18w, https:\/\/www.gaztelueta.com\/wp-content\/uploads\/2023\/12\/gaztelueta-rafaela-maria-navidad2-1-480x198.jpeg 480w, https:\/\/www.gaztelueta.com\/wp-content\/uploads\/2023\/12\/gaztelueta-rafaela-maria-navidad2-1-640x264.jpeg 640w, https:\/\/www.gaztelueta.com\/wp-content\/uploads\/2023\/12\/gaztelueta-rafaela-maria-navidad2-1-720x297.jpeg 720w, https:\/\/www.gaztelueta.com\/wp-content\/uploads\/2023\/12\/gaztelueta-rafaela-maria-navidad2-1-960x396.jpeg 960w, https:\/\/www.gaztelueta.com\/wp-content\/uploads\/2023\/12\/gaztelueta-rafaela-maria-navidad2-1-1168x482.jpeg 1168w, https:\/\/www.gaztelueta.com\/wp-content\/uploads\/2023\/12\/gaztelueta-rafaela-maria-navidad2-1.jpeg 1312w\" sizes=\"(max-width: 1024px) 100vw, 1024px\" \/><\/figure>\n\n\n\n<p>On this occasion, the creator of the greeting card was the 5th year primary school pupil I\u00f1igo Bengur\u00eda. Together with all his classmates, they were responsible for writing individually to one of the members of the association.<\/p>\n\n\n\n<figure class=\"wp-block-image size-full\"><img decoding=\"async\" width=\"1024\" height=\"768\" src=\"https:\/\/www.gaztelueta.com\/wp-content\/uploads\/2023\/12\/gaztelueta-rafaela-maria-navidad.jpeg\" alt=\"\" class=\"wp-image-6053\" title=\"\" srcset=\"https:\/\/www.gaztelueta.com\/wp-content\/uploads\/2023\/12\/gaztelueta-rafaela-maria-navidad.jpeg 1024w, https:\/\/www.gaztelueta.com\/wp-content\/uploads\/2023\/12\/gaztelueta-rafaela-maria-navidad-300x225.jpeg 300w, https:\/\/www.gaztelueta.com\/wp-content\/uploads\/2023\/12\/gaztelueta-rafaela-maria-navidad-768x576.jpeg 768w, https:\/\/www.gaztelueta.com\/wp-content\/uploads\/2023\/12\/gaztelueta-rafaela-maria-navidad-16x12.jpeg 16w, https:\/\/www.gaztelueta.com\/wp-content\/uploads\/2023\/12\/gaztelueta-rafaela-maria-navidad-480x360.jpeg 480w, https:\/\/www.gaztelueta.com\/wp-content\/uploads\/2023\/12\/gaztelueta-rafaela-maria-navidad-640x480.jpeg 640w, https:\/\/www.gaztelueta.com\/wp-content\/uploads\/2023\/12\/gaztelueta-rafaela-maria-navidad-720x540.jpeg 720w, https:\/\/www.gaztelueta.com\/wp-content\/uploads\/2023\/12\/gaztelueta-rafaela-maria-navidad-960x720.jpeg 960w\" sizes=\"(max-width: 1024px) 100vw, 1024px\" \/><\/figure>\n\n\n\n<p>The Rafaela Mar\u00eda Centre is a non-profit association whose priority is to\u00a0<strong>integration of people with intellectual disabilities<\/strong>\u00a0of Bizkaia. The Association has the Rafaela Mar\u00eda Centre in Zorroza (Bilbao) from where it carries out its activities in the following areas\u00a0<a href=\"https:\/\/www.centrorafaelamaria.es\/es\/?pag=conocenos&amp;sid=13#servicio_ocupacional\" target=\"_blank\" rel=\"noopener\">Occupational Service<\/a>\u00a0y\u00a0<a href=\"https:\/\/www.centrorafaelamaria.es\/es\/?pag=conocenos&amp;sid=14#centro_especial_empleo\" target=\"_blank\" rel=\"noopener\">Special Employment Centre<\/a>.<\/p>\n\n\n\n<p>A new opportunity for Gaztelueta students to grow in one of the fundamental pillars of their educational project, social responsibility. Actions that help us to materialise the positive impact of our actions on society and that speak of the values and commitment of our students.<\/p>","protected":false},"excerpt":{"rendered":"<p>Once again this year, our second year primary pupils have sent Christmas greetings to the members of the Rafaela Mar\u00eda Social Action Centre Association. On this occasion, the creator of the greeting was the 5th grade student I\u00f1igo Bengur\u00eda. Together with all his classmates, they were in charge of writing individually to one...<\/p>","protected":false},"author":11,"featured_media":6056,"comment_status":"closed","ping_status":"closed","sticky":false,"template":"","format":"standard","meta":{"_acf_changed":false,"_jetpack_memberships_contains_paid_content":false,"_joinchat":[],"footnotes":""},"categories":[50],"tags":[254,48,66,204,253],"class_list":["post-6051","post","type-post","status-publish","format-standard","has-post-thumbnail","hentry","category-sostenibilidad","tag-centro-rafaela-maria","tag-gaztelueta","tag-primaria","tag-responsabilidad-social","tag-solidaridad-gaztelueta"],"acf":[],"jetpack_featured_media_url":"https:\/\/www.gaztelueta.com\/wp-content\/uploads\/2023\/12\/gaztelueta-rafaela-maria-navidad2.jpeg","jetpack_sharing_enabled":true,"_links":{"self":[{"href":"https:\/\/www.gaztelueta.com\/en\/wp-json\/wp\/v2\/posts\/6051","targetHints":{"allow":["GET"]}}],"collection":[{"href":"https:\/\/www.gaztelueta.com\/en\/wp-json\/wp\/v2\/posts"}],"about":[{"href":"https:\/\/www.gaztelueta.com\/en\/wp-json\/wp\/v2\/types\/post"}],"author":[{"embeddable":true,"href":"https:\/\/www.gaztelueta.com\/en\/wp-json\/wp\/v2\/users\/11"}],"replies":[{"embeddable":true,"href":"https:\/\/www.gaztelueta.com\/en\/wp-json\/wp\/v2\/comments?post=6051"}],"version-history":[{"count":3,"href":"https:\/\/www.gaztelueta.com\/en\/wp-json\/wp\/v2\/posts\/6051\/revisions"}],"predecessor-version":[{"id":6060,"href":"https:\/\/www.gaztelueta.com\/en\/wp-json\/wp\/v2\/posts\/6051\/revisions\/6060"}],"wp:featuredmedia":[{"embeddable":true,"href":"https:\/\/www.gaztelueta.com\/en\/wp-json\/wp\/v2\/media\/6056"}],"wp:attachment":[{"href":"https:\/\/www.gaztelueta.com\/en\/wp-json\/wp\/v2\/media?parent=6051"}],"wp:term":[{"taxonomy":"category","embeddable":true,"href":"https:\/\/www.gaztelueta.com\/en\/wp-json\/wp\/v2\/categories?post=6051"},{"taxonomy":"post_tag","embeddable":true,"href":"https:\/\/www.gaztelueta.com\/en\/wp-json\/wp\/v2\/tags?post=6051"}],"curies":[{"name":"wp","href":"https:\/\/api.w.org\/{rel}","templated":true}]}}